{"id":8178,"date":"2022-07-21T11:02:48","date_gmt":"2022-07-21T10:02:48","guid":{"rendered":"https:\/\/telecomkh.info\/?p=8178"},"modified":"2022-07-21T11:02:48","modified_gmt":"2022-07-21T10:02:48","slug":"el-proyecto-retech-destinara-530-millones-de-euros-para-poner-en-marcha-proyectos-emblematicos-de-transformacion-digital-propuestos-por-las-comunidades-autonomas","status":"publish","type":"post","link":"https:\/\/telecomkh.info\/?p=8178","title":{"rendered":"El proyecto RETECH destinar\u00e1 530 millones de euros para poner en marcha proyectos emblem\u00e1ticos de transformaci\u00f3n digital propuestos por las Comunidades Aut\u00f3nomas"},"content":{"rendered":"<p><strong>Antes de finales de mes se lanzar\u00e1 la segunda convocatoria del Kit Digital para la digitalizaci\u00f3n de empresas de entre 3 y 9 trabajadores, con una inversi\u00f3n de 500 millones de euros<\/strong><\/p>\n<p>La vicepresidenta primera del Gobierno y ministra de Asuntos Econ\u00f3micos y Transformaci\u00f3n Digital, Nadia Calvi\u00f1o, presidi\u00f3 hace una semana la Conferencia Sectorial para la Transformaci\u00f3n Digital, a la que asistieron los secretarios de Estado de Digitalizaci\u00f3n e Inteligencia Artificial, Carme artigas, y de Telecomunicaciones e Infraestructuras Digitales, Roberto S\u00e1nchez, y en la que han participado de forma telem\u00e1tica representantes de todas las comunidades aut\u00f3nomas, las ciudades aut\u00f3nomas de Ceuta y Melilla y de la Federaci\u00f3n Espa\u00f1ola de Municipios y Provincias (FEMP).<br \/>\nEn la reuni\u00f3n la vicepresidenta ha informado sobre el progreso en el despliegue de la agenda Espa\u00f1a Digital 2026, actualizada tras dos a\u00f1os desde su puesta en marcha para identificar proyectos estrat\u00e9gicos y las prioridades en las que trabajar en estrecha colaboraci\u00f3n con comunidades aut\u00f3nomas, ayuntamientos, el sector p\u00fablico y el sector privado.<br \/>\nEspa\u00f1a lidera el despliegue del Plan de Recuperaci\u00f3n en Europa y la agenda Espa\u00f1a Digital constituye el pilar digital, con una inversi\u00f3n prevista de unos 20.000 millones de euros. Todos los representantes de las comunidades aut\u00f3nomas han valorado el avance en las inversiones y los programas en digitalizaci\u00f3n, as\u00ed como la colaboraci\u00f3n para este proceso de transformaci\u00f3n digital.<\/p>\n<p><strong>Proyecto RETECH<\/strong><br \/>\nLa vicepresidenta ha informado del proyecto RETECH, que se ha incluido en la actualizaci\u00f3n de la Agenda Espa\u00f1a Digital 2026, con el objetivo de poner en marcha una red de proyectos estrat\u00e9gicos emblem\u00e1ticos transformadores en el \u00e1rea digital propuestos por las comunidades aut\u00f3nomas.<br \/>\nEl Gobierno va a destinar a esta iniciativa 530 millones de euros del Plan de Recuperaci\u00f3n en el periodo 2022-2023, que contar\u00e1 con financiaci\u00f3n adicional de las comunidades aut\u00f3nomas y, dependiendo de su \u00e9xito, se complementar\u00e1 con la adenda del Plan de Recuperaci\u00f3n que se presentar\u00e1 en la segunda parte del a\u00f1o.<br \/>\nGracias a esta inversi\u00f3n se pondr\u00e1n en marcha proyectos con un alto impacto territorial y econ\u00f3mico en \u00e1mbitos como el de la Inteligencia Artificial, los Gemelos Digitales como las soluciones tecnol\u00f3gicas de simulaci\u00f3n virtual de objetos y sistemas; las tecnolog\u00edas \u201cverdes por dise\u00f1o\u201d (GreenTech), la Ciberseguridad, las Redes de Emprendimiento Digital, la digitalizaci\u00f3n en entornos rurales y despoblados (RuralTech), la industria de la moda y el textil (FashionTech) y la Salud Digital.<br \/>\nHoy 21 de julio tendr\u00e1 lugar una Comisi\u00f3n Sectorial para presentar en detalle el nuevo programa y preparar la primera convocatoria que se prev\u00e9 lanzar antes de final de mes.<\/p>\n<p><strong>Nueva convocatoria del Kit Digital para empresas de entre 3 y 9 trabajadores<\/strong><br \/>\nEntre los importantes avances logrados en los \u00faltimos meses en materia de digitalizaci\u00f3n se ha abordado el despliegue del plan Kit Digital, cuya primera convocatoria ha sido solicitada hasta la fecha por m\u00e1s de 65.000 pymes de entre 10 y 49 trabajadores, aproximadamente una de cada dos empresas de este grupo. Ya se han concedido unos 18.000 bonos digitales.<br \/>\nAntes de finales de mes se prev\u00e9 lanzar la segunda fase del plan destinada a empresas de entre 3 y 9 trabajadores, con una inversi\u00f3n de 500 millones de euros.<\/p>\n<p><strong>Nueva inversi\u00f3n en el Fondo Next Tech<\/strong><br \/>\nDe igual forma, la vicepresidenta ha informado de la firma de la tercera operaci\u00f3n del fondo Next Tech, iniciativa conjunta del Ministerio de Asuntos Econ\u00f3micos y Transformaci\u00f3n Digital, a trav\u00e9s de la Secretar\u00eda de Estado de Digitalizaci\u00f3n e Inteligencia Artigicial y el Instituto de Cr\u00e9dito Oficial (ICO) a trav\u00e9s de AXIS, que participar\u00e1 con 100 millones de euros en Cathay Innovation Fund III, fondo de capital riesgo con un tama\u00f1o de 1.000 millones de euros y gestionado por Cathay Innovation, dedicado a la inversi\u00f3n en proyectos relacionados con la transformaci\u00f3n sostenible de la industria y la sociedad.<br \/>\nSe trata de la tercera operaci\u00f3n de Fondo Next Tech desde su creaci\u00f3n en 2021, con la que se alcanza ya una inversi\u00f3n p\u00fablica de 270 millones de euros. Anteriormente hab\u00eda invertido 70 millones de euros en el fondo Leadwind junto a Telef\u00f3nica, BBVA, KFund y 100 millones de euros en el Fondo Andr\u00f3meda con Iberdrola, Seaya y Nortia Capital.<br \/>\nCon las tres inversiones alcanzadas por el momento, Fondo Next Tech movilizar\u00e1 inversiones en colaboraci\u00f3n p\u00fablico-privada en Espa\u00f1a con el objetivo de llegar hasta un total de 900 millones de euros en empresas y proyectos digitales.<\/p>\n<p><strong>Nueva convocatoria de ayudas a entidades locales en materia audiovisual<\/strong><br \/>\nLa vicepresidenta primera tambi\u00e9n ha anunciado la pr\u00f3xima convocatoria de ayudas para reforzar las infraestructuras del ecosistema digital audiovisual en entidades locales. Se trata de una convocatoria con un presupuesto de 25 millones de euros dirigida a proyectos de entidades locales de m\u00e1s de 100.000 habitantes que deseen dotarse de espacios e infraestructuras para la creaci\u00f3n de contenidos audiovisuales con el fin de ponerlos a disposici\u00f3n de las pymes del sector audiovisual.<br \/>\nEstas nuevas ayudas se sumar\u00e1n a la convocatoria de ayudas publicada el pasado s\u00e1bado en el Bolet\u00edn Oficial del Estado (BOE) destinada a proyectos experimentales e innovadores en el \u00e1mbito audiovisual y de videojuegos mediante tecnolog\u00edas asociadas al metaverso y Web 3.<br \/>\nOtro de los asuntos abordado en la Conferencia Digital ha sido la cogobernanza al ser fundamental para las competencias digitales de la ciudadan\u00eda. Ya se han transferido a las comunidades aut\u00f3nomas casi 1.500 millones de euros entre 2021 y 2022 para la digitalizaci\u00f3n del sistema educativo. En oto\u00f1o se van a lanzar los principales programas de \u00e1mbito nacional para inclusi\u00f3n digital de toda la poblaci\u00f3n en todo el territorio.<\/p>\n<p><strong>Aniversario carta de Derechos Digitales<\/strong><br \/>\nEl Gobierno est\u00e1 impulsando de forma decidida el proceso de transformaci\u00f3n digital aprovechando la oportunidad de los fondos Next Generation EU del Plan de Recuperaci\u00f3n y con un claro enfoque humanista. Precisamente hoy se cumple un a\u00f1o de la carta de Derechos Digitales, que sit\u00faa a Espa\u00f1a a la vanguardia en el desarrollo de un marco normativo que garantiza la protecci\u00f3n de los derechos y valores democr\u00e1ticos de los ciudadanos en el \u00e1mbito digital.<br \/>\nPor \u00faltimo, durante la reuni\u00f3n tambi\u00e9n se ha consensuado tratar que la pr\u00f3xima reuni\u00f3n de la Conferencia Sectorial para la Transformaci\u00f3n Digital se celebre de forma presencial y la regi\u00f3n de Murcia se ha propuesto como anfitriona. Tambi\u00e9n se prev\u00e9 celebrar una reuni\u00f3n en diciembre en Canarias, coincidiendo con la Conferencia Ministerial de Econom\u00eda Digital de la OCDE, que tendr\u00e1 lugar entre el 13 y el 16 de diciembre en Gran Canaria.<br \/>\nLa vicepresidenta ha destacado que en el actual contexto resulta importante tener reuniones como la sectorial celebrada, en la que \u201ctodas las administraciones trabajan de la mano, remando todos en la misma direcci\u00f3n para aprovechar las oportunidades del Plan de Recuperaci\u00f3n y el proceso acelerado de digitalizaci\u00f3n y transformaci\u00f3n tecnol\u00f3gica\u201d.<\/p>\n<p><span style=\"color: #999999;\"><em>Arriba, imagen cortes\u00eda de MINECO<\/em><\/span><\/p>\n","protected":false},"excerpt":{"rendered":"<p>Antes de finales de mes se lanzar\u00e1 la segunda convocatoria del Kit Digital para la digitalizaci\u00f3n de empresas de entre 3 y 9 trabajadores, con una inversi\u00f3n de 500 millones de euros La vicepresidenta primera del Gobierno y ministra de Asuntos Econ\u00f3micos y Transformaci\u00f3n Digital, Nadia Calvi\u00f1o, presidi\u00f3 hace una semana la Conferencia Sectorial para &hellip; <\/p>\n<p class=\"link-more\"><a href=\"https:\/\/telecomkh.info\/?p=8178\" class=\"more-link\">Continue reading<span class=\"screen-reader-text\"> \u00abEl proyecto RETECH destinar\u00e1 530 millones de euros para poner en marcha proyectos emblem\u00e1ticos de transformaci\u00f3n digital propuestos por las Comunidades Aut\u00f3nomas\u00bb<\/span><\/a><\/p>\n","protected":false},"author":1,"featured_media":8179,"comment_status":"open","ping_status":"open","sticky":false,"template":"","format":"standard","meta":[],"categories":[13],"tags":[],"_links":{"self":[{"href":"https:\/\/telecomkh.info\/index.php?rest_route=\/wp\/v2\/posts\/8178"}],"collection":[{"href":"https:\/\/telecomkh.info\/index.php?rest_route=\/wp\/v2\/posts"}],"about":[{"href":"https:\/\/telecomkh.info\/index.php?rest_route=\/wp\/v2\/types\/post"}],"author":[{"embeddable":true,"href":"https:\/\/telecomkh.info\/index.php?rest_route=\/wp\/v2\/users\/1"}],"replies":[{"embeddable":true,"href":"https:\/\/telecomkh.info\/index.php?rest_route=%2Fwp%2Fv2%2Fcomments&post=8178"}],"version-history":[{"count":1,"href":"https:\/\/telecomkh.info\/index.php?rest_route=\/wp\/v2\/posts\/8178\/revisions"}],"predecessor-version":[{"id":8180,"href":"https:\/\/telecomkh.info\/index.php?rest_route=\/wp\/v2\/posts\/8178\/revisions\/8180"}],"wp:featuredmedia":[{"embeddable":true,"href":"https:\/\/telecomkh.info\/index.php?rest_route=\/wp\/v2\/media\/8179"}],"wp:attachment":[{"href":"https:\/\/telecomkh.info\/index.php?rest_route=%2Fwp%2Fv2%2Fmedia&parent=8178"}],"wp:term":[{"taxonomy":"category","embeddable":true,"href":"https:\/\/telecomkh.info\/index.php?rest_route=%2Fwp%2Fv2%2Fcategories&post=8178"},{"taxonomy":"post_tag","embeddable":true,"href":"https:\/\/telecomkh.info\/index.php?rest_route=%2Fwp%2Fv2%2Ftags&post=8178"}],"curies":[{"name":"wp","href":"https:\/\/api.w.org\/{rel}","templated":true}]}}