{"id":26159,"date":"2026-09-03T13:40:09","date_gmt":"2026-09-03T12:40:09","guid":{"rendered":"https:\/\/telecomkh.info\/?p=26159"},"modified":"2026-09-03T13:40:09","modified_gmt":"2026-09-03T12:40:09","slug":"el-ministro-carlos-cuerpo-anuncia-un-pacto-de-estado-sobre-inteligencia-artificial-para-garantizar-una-transicion-digital-justa-en-la-clausura-del-40o-encuentro-de-ametic","status":"publish","type":"post","link":"https:\/\/telecomkh.info\/?p=26159","title":{"rendered":"El ministro Carlos Cuerpo anuncia un pacto de Estado sobre Inteligencia Artificial para garantizar una transici\u00f3n digital justa en la clausura del 40\u00ba Encuentro de AMETIC"},"content":{"rendered":"<p><strong>Carlos Cuerpo anuncia un acuerdo tripartito con los agentes sociales para situar el di\u00e1logo social en el centro del desarrollo de la Inteligencia Artificial y garantizar un reparto justo de sus beneficios<\/strong><\/p>\n<p>El 40\u00ba Encuentro de la Econom\u00eda Digital y las Telecomunicaciones de AMETIC ha bajado el tel\u00f3n de su edici\u00f3n del 40\u00ba aniversario con un acto de clausura institucional presidido por Carlos Cuerpo, vicepresidente primero y ministro de Econom\u00eda, Comercio y Empresa, junto a \u00c1ngel Pelayo Gonz\u00e1lez-Torre, rector de la UIMP; Francisco Hortig\u00fcela, presidente de AMETIC; Isabel Tocino, vicepresidenta de Banco Santander Espa\u00f1a; y Mar\u00eda Jos\u00e9 S\u00e1enz de Buruaga, presidenta de la Comunidad Aut\u00f3noma de Cantabria.<br \/>\nDurante el cierre, las autoridades han apostado por la colaboraci\u00f3n p\u00fablico-privada para impulsar la soberan\u00eda digital y la competitividad. La presidenta de Cantabria, Mar\u00eda Jos\u00e9 S\u00e1enz de Buruaga, ha destacado que la regi\u00f3n ha movilizado el 98% de los 400 millones de su Agenda Digital y ha pedido conectar a la red el\u00e9ctrica el Campus Tecnol\u00f3gico Altamira (3.600 millones de inversi\u00f3n). Isabel Tocino (Banco Santander) ha urgido a integrar a las pymes para competir con EE. UU. y China, mientras que Francisco Hortig\u00fcela (AMETIC) ha celebrado el \u00e9xito de la edici\u00f3n y ha emplazado al sector a septiembre de 2027.<br \/>\nEl momento clave de la clausura ha llegado con la intervenci\u00f3n de Carlos Cuerpo, quien ha contrapuesto dos posibles escenarios ante el avance acelerado de la Inteligencia Artificial: uno optimista, en el que la tecnolog\u00eda abarata la investigaci\u00f3n, agiliza los diagn\u00f3sticos m\u00e9dicos y rompe el c\u00edrculo de baja productividad en las pymes, y uno pesimista, dominado por la desinformaci\u00f3n, el aumento de ciberdelitos y la p\u00e9rdida de soberan\u00eda digital. Cuerpo ha enfatizado que la evoluci\u00f3n hacia uno u otro modelo no depender\u00e1 del desarrollo tecnol\u00f3gico en s\u00ed, sino de la capacidad colectiva para dar respuesta a qui\u00e9n controlar\u00e1 la tecnolog\u00eda y c\u00f3mo se capturar\u00e1n sus beneficios.<br \/>\nAsimismo, el ministro de Econom\u00eda ha remarcado el papel de las pol\u00edticas p\u00fablicas para evitar que la automatizaci\u00f3n se traduzca en destrucci\u00f3n de empleo o brechas sociales, defendiendo que la innovaci\u00f3n debe ser una palanca para elevar los salarios y proteger las instituciones democr\u00e1ticas. Con este planteamiento, la iniciativa busca anticiparse a los cambios estructurales que la IA est\u00e1 imprimiendo en el tejido productivo espa\u00f1ol, asegurando que la transici\u00f3n hacia la nueva econom\u00eda digital se ejecute bajo criterios de cohesi\u00f3n territorial, inclusi\u00f3n y seguridad jur\u00eddica.<br \/>\nFinalmente, el vicepresidente primero ha anunciado que el Presidente del Gobierno impulsar\u00e1 un pacto de Estado para que la revoluci\u00f3n digital beneficie a toda la sociedad: \u201cEn las pr\u00f3ximas semanas, el Presidente del Gobierno promover\u00e1 la firma de un acuerdo tripartito con los agentes sociales para situar el di\u00e1logo social en el centro del desarrollo tecnol\u00f3gico\u201d. Seg\u00fan ha detallado Cuerpo, este nuevo contrato social sobre la Inteligencia Artificial integrar\u00e1 a expertos, tejido industrial y sectores cient\u00edfico, educativo y sanitario con el objetivo de garantizar una distribuci\u00f3n justa de sus beneficios, proteger los servicios p\u00fablicos y situar la innovaci\u00f3n al servicio del progreso de la ciudadan\u00eda.<\/p>\n<p><strong>Bar\u00f3metro de la Econom\u00eda Digital 2026: la industria digital bate r\u00e9cord con 146.660 M\u20ac y alcanza el 27% del PIB<\/strong><br \/>\nJorge Morillo, presidente de la Comisi\u00f3n de Agenda y Estrategia Digital de AMETIC, y Celestino Garc\u00eda, director general de AMETIC, han presentado la Agenda Digital AMETIC 2026-2032 como vertebradora de la industria digital del pa\u00eds, junto al Bar\u00f3metro de la Econom\u00eda Digital de AMETIC 2026, que analiza el tama\u00f1o y la evoluci\u00f3n del sector tecnol\u00f3gico digital espa\u00f1ol.<br \/>\nComo hoja de ruta de la asociaci\u00f3n, la Agenda Digital AMETIC 2026-2032, construida junto a pymes, grandes corporaciones, la academia y centros tecnol\u00f3gicos se ha actualizado, integrando un total 218 medidas concretas. Morillo ha apelado al trabajo coordinado con la administraci\u00f3n p\u00fablica para acelerar la transformaci\u00f3n del tejido productivo apoy\u00e1ndose en los tres pilares estrat\u00e9gicos de la entidad: competitividad, estado del bienestar y liderazgo tecnol\u00f3gico.<br \/>\nA continuaci\u00f3n, Celestino Garc\u00eda, director general de AMETIC, ha detallado las principales cifras del Bar\u00f3metro, confirmando el quinto a\u00f1o consecutivo de expansi\u00f3n de la industria como motor transversal de productividad mediante la integraci\u00f3n de la IA generativa, la ciberseguridad y la nube. En 2025, el sector digital espa\u00f1ol alcanz\u00f3 una facturaci\u00f3n r\u00e9cord de 146.660 millones de euros (+6,4% interanual) y represent\u00f3 el 27,0% del PIB nacional, demostrando su capacidad tractora al generar 3,11 euros en la econom\u00eda por cada euro invertido. Adem\u00e1s, el sector actu\u00f3 como el principal inversor en innovaci\u00f3n del pa\u00eds, al concentrar el 20,1% de la I+D+i privada, y dio empleo directo a 842.596 profesionales altamente cualificados.<br \/>\nEn el \u00e1mbito internacional, el informe sit\u00faa a Espa\u00f1a en la s\u00e9ptima posici\u00f3n de la D\u00e9cada Digital europea, sobresaliendo como la segunda potencia de la UE en infraestructuras digitales, y constata un fuerte dinamismo exportador en servicios digitales y software (28.552 millones de euros). No obstante, el \u00abSem\u00e1foro Digital\u00bb del Bar\u00f3metro advierte de retos pendientes, como el aumento del d\u00e9ficit comercial TIC, la p\u00e9rdida de un puesto en el Network Readiness Index (25\u00ba) por barreras en la adopci\u00f3n tecnol\u00f3gica en pymes y un ajuste del -7,2% en la contrataci\u00f3n p\u00fablica tras la finalizaci\u00f3n de los fondos NextGen. Para monitorizar este escenario, AMETIC ha introducido su nuevo \u00cdndice de Liderazgo Digital, que sit\u00faa el nivel actual del pa\u00eds en 67,9 puntos sobre 100, se\u00f1alando la necesidad de redoblar inversiones para no perder terreno en la carrera global.<\/p>\n<p><strong>El espacio, infraestructura estrat\u00e9gica para la econom\u00eda<\/strong><br \/>\nLa Ministra de Ciencia, Innovaci\u00f3n y Universidades, Diana Morant, ha intervenido en el encuentro para reivindicar el sector espacial como una \u201cinfraestructura cr\u00edtica y estrat\u00e9gica\u201d imprescindible para la econom\u00eda, la protecci\u00f3n ciudadana y la autonom\u00eda geopol\u00edtica. \u201cEl espacio ya no es solo un lugar al que vamos: es una infraestructura desde la que hacemos funcionar la Tierra\u201d, ha asegurado la ministra, destacando que la apuesta espacial espa\u00f1ola se ha consolidado como una pol\u00edtica de Estado respaldada por un incremento hist\u00f3rico del 60 % en la inversi\u00f3n en I+D desde 2018 y una aportaci\u00f3n de 455 millones de euros anuales a la Agencia Espacial Europea (ESA), posicionando a Espa\u00f1a como la cuarta potencia del organismo.<br \/>\nDurante su discurso, Morant ha valorado las cifras r\u00e9cord alcanzadas por el ecosistema espacial nacional, que crece a un ritmo superior al 15 % anual y que en 2025 factur\u00f3 1.500 millones de euros. Asimismo, ha puesto como ejemplo del liderazgo tecnol\u00f3gico e industrial de Espa\u00f1a la reciente adjudicaci\u00f3n de 158,9 millones de euros por parte de la ESA a la firma alicantina PLD Space para desarrollar uno de los nuevos lanzadores del continente. \u201cHace diez a\u00f1os import\u00e1bamos tecnolog\u00eda y compet\u00edamos por costes bajos; hoy demostramos que la ciencia y la innovaci\u00f3n son la verdadera base de nuestra soberan\u00eda y prosperidad\u201d, ha concluido.<br \/>\nPreviamente, una mesa moderada por Cecilia Hern\u00e1ndez, directora de Programas e Industria de la Agencia Espacial Espa\u00f1ola, ha reunido a Christoph Steck (Amazon), Miguel \u00c1ngel Panduro (Indra Space), Esther G\u00f3mez (Televes) y Rafael Jord\u00e1 (Open Cosmos) para analizar el espacio como motor de crecimiento econ\u00f3mico.<br \/>\nLos ponentes han destacado la consolidaci\u00f3n de la tecnolog\u00eda espacial como una infraestructura cr\u00edtica de la econom\u00eda real, alertando de que un fallo de 24 horas en la navegaci\u00f3n por sat\u00e9lite causar\u00eda p\u00e9rdidas multimillonarias en Europa. Ante un mercado de 565.000 millones de euros en 2025 que alcanzar\u00e1 los 1,8 billones de d\u00f3lares en 2035, la industria ha urgido a reforzar la soberan\u00eda tecnol\u00f3gica frente a EE. UU. y China mediante la consolidaci\u00f3n empresarial, el fin de la escasez de lanzadores europeos y una regulaci\u00f3n m\u00e1s flexible.<br \/>\nA continuaci\u00f3n, Antonio Hernando, secretario de Estado de Telecomunicaciones e Infraestructuras Digitales, ha abordado el reto de la seguridad en la era de la criptograf\u00eda postcu\u00e1ntica. ha tomado la palabra para alertar sobre la urgencia de adaptar la ciberseguridad espa\u00f1ola ante el avance de la computaci\u00f3n cu\u00e1ntica. Hernando ha advertido de que el consenso t\u00e9cnico ha adelantado el punto de inflexi\u00f3n comercializable de esta tecnolog\u00eda de 2050 a 2035, lo que amenaza la encriptaci\u00f3n cl\u00e1sica de las comunicaciones y exige anticipar la protecci\u00f3n de la informaci\u00f3n sensible. \u201cDebemos actuar ya porque es evidente que actualmente se est\u00e1n recopilando y almacenando datos masivos (harvesting) con el objetivo de desencriptarlos en el futuro cuando la capacidad cu\u00e1ntica est\u00e9 operativa\u201d, ha alertado.<br \/>\nPara liderar esta transici\u00f3n de la mano del Centro Criptol\u00f3gico Nacional (CCN) y el Ministerio del Interior, Hernando ha presentado una hoja de ruta con horizonte 2030-2031 para migrar los sistemas m\u00e1s expuestos de la Administraci\u00f3n General del Estado. La estrategia se basa en un inventario exhaustivo de activos cr\u00edticos, el respaldo al tejido empresarial mediante inversiones de la SETT en semiconductores y chips cu\u00e1nticos, y la tracci\u00f3n del sector privado a trav\u00e9s de la regulaci\u00f3n y la compra p\u00fablica para blindar la seguridad de los datos del pa\u00eds.<br \/>\nPor su parte, el director general de Fundaci\u00f3n ONCE, Jos\u00e9 Luis Mart\u00ednez Donoso, ha defendido la accesibilidad digital no s\u00f3lo como un derecho de inclusi\u00f3n social, sino como un factor de rentabilidad y eficiencia energ\u00e9tica clave para la Inteligencia Artificial. Mart\u00ednez Donoso ha explicado que una web correctamente estructurada y etiquetada facilita el procesamiento de datos por parte de los agentes de IA, reduciendo significativamente el consumo computacional y el\u00e9ctrico en los centros de datos. \u201cCualquier transformaci\u00f3n tecnol\u00f3gica que deje a personas atr\u00e1s no es una verdadera transformaci\u00f3n; la accesibilidad no es un gasto legal obligatorio, sino una inversi\u00f3n eficiente que beneficia tanto a los usuarios como al rendimiento de las propias m\u00e1quinas\u201d, ha afirmado.<\/p>\n<p><strong>La digitalizaci\u00f3n en las CC.AA.: Cantabria y su Agenda Digital<\/strong><br \/>\nEn el \u00e1mbito de la digitalizaci\u00f3n regional, la jornada ha contado con una sesi\u00f3n dedicada a la agenda digital de Cantabria, donde se ha presentado el estudio de impacto socioecon\u00f3mico del Campus Tecnol\u00f3gico Altamira. Eduardo Arasti, consejero de Industria, Empleo, Innovaci\u00f3n y Comercio del Gobierno de Cantabria, junto a Pablo Coto, catedr\u00e1tico de la Universidad de Cantabria, y Javier Garc\u00eda Gonzalo, CEO de XDC Properties, han expuesto los detalles de este proyecto estrat\u00e9gico que contempla una inversi\u00f3n de 3.600 millones de euros, equivalente a m\u00e1s del 20 % del PIB auton\u00f3mico, para alcanzar una capacidad de potencia instalada de 500 MW en 2032 e instalar un centro de supercomputaci\u00f3n cu\u00e1ntica en el propio campus.<br \/>\nApoyado en infraestructuras clave como el cable submarino Grace Hopper de Google, se prev\u00e9 que el campus aporte hasta un 8 % acumulado al PIB regional durante su fase de construcci\u00f3n y genere entre 1.450 y 1.550 empleos anuales, consolidando a la regi\u00f3n como un nodo de alta productividad y eficiencia tecnol\u00f3gica.<\/p>\n<p><span style=\"color: #999999;\"><em>Arriba, imagen cortes\u00eda de AMETIC<\/em><\/span><\/p>\n","protected":false},"excerpt":{"rendered":"<p>Carlos Cuerpo anuncia un acuerdo tripartito con los agentes sociales para situar el di\u00e1logo social en el centro del desarrollo de la Inteligencia Artificial y garantizar un reparto justo de sus beneficios El 40\u00ba Encuentro de la Econom\u00eda Digital y las Telecomunicaciones de AMETIC ha bajado el tel\u00f3n de su edici\u00f3n del 40\u00ba aniversario con &hellip; <\/p>\n<p class=\"link-more\"><a href=\"https:\/\/telecomkh.info\/?p=26159\" class=\"more-link\">Continue reading<span class=\"screen-reader-text\"> \u00abEl ministro Carlos Cuerpo anuncia un pacto de Estado sobre Inteligencia Artificial para garantizar una transici\u00f3n digital justa en la clausura del 40\u00ba Encuentro de AMETIC\u00bb<\/span><\/a><\/p>\n","protected":false},"author":1,"featured_media":26160,"comment_status":"open","ping_status":"open","sticky":false,"template":"","format":"standard","meta":[],"categories":[36],"tags":[],"_links":{"self":[{"href":"https:\/\/telecomkh.info\/index.php?rest_route=\/wp\/v2\/posts\/26159"}],"collection":[{"href":"https:\/\/telecomkh.info\/index.php?rest_route=\/wp\/v2\/posts"}],"about":[{"href":"https:\/\/telecomkh.info\/index.php?rest_route=\/wp\/v2\/types\/post"}],"author":[{"embeddable":true,"href":"https:\/\/telecomkh.info\/index.php?rest_route=\/wp\/v2\/users\/1"}],"replies":[{"embeddable":true,"href":"https:\/\/telecomkh.info\/index.php?rest_route=%2Fwp%2Fv2%2Fcomments&post=26159"}],"version-history":[{"count":1,"href":"https:\/\/telecomkh.info\/index.php?rest_route=\/wp\/v2\/posts\/26159\/revisions"}],"predecessor-version":[{"id":26161,"href":"https:\/\/telecomkh.info\/index.php?rest_route=\/wp\/v2\/posts\/26159\/revisions\/26161"}],"wp:featuredmedia":[{"embeddable":true,"href":"https:\/\/telecomkh.info\/index.php?rest_route=\/wp\/v2\/media\/26160"}],"wp:attachment":[{"href":"https:\/\/telecomkh.info\/index.php?rest_route=%2Fwp%2Fv2%2Fmedia&parent=26159"}],"wp:term":[{"taxonomy":"category","embeddable":true,"href":"https:\/\/telecomkh.info\/index.php?rest_route=%2Fwp%2Fv2%2Fcategories&post=26159"},{"taxonomy":"post_tag","embeddable":true,"href":"https:\/\/telecomkh.info\/index.php?rest_route=%2Fwp%2Fv2%2Ftags&post=26159"}],"curies":[{"name":"wp","href":"https:\/\/api.w.org\/{rel}","templated":true}]}}